{"id":268,"date":"2024-07-25T17:00:06","date_gmt":"2024-07-25T17:00:06","guid":{"rendered":"https:\/\/destinomundials.com\/?p=268"},"modified":"2024-09-04T12:26:53","modified_gmt":"2024-09-04T12:26:53","slug":"most-wanted-skills-in-the-job-market","status":"publish","type":"post","link":"https:\/\/themisternews.com\/pt\/most-wanted-skills-in-the-job-market\/","title":{"rendered":"As habilidades mais procuradas no mercado de trabalho"},"content":{"rendered":"<!--advertisement--><div class=\"mx-5 sm:mx-0 sm:text-3xl text-2xl font-medium title-font mb-4 text-gray-900 text-left\">\n<h2 class=\"wp-block-heading\" id=\"h-discover-the-skills-that-make-professionals-stand-out\">Descubra as habilidades que fazem os profissionais se destacarem<\/h2>\n<\/div><!--image--><div class=\"px-5 sm:px-0 sm:w-[800px] sm:ml-[50%] sm:-translate-x-2\/4 rounded-lg overflow-hidden mb-5 text-center\">\n<figure class=\"wp-block-image size-large\"><img decoding=\"async\" width=\"1024\" height=\"576\" loading=\"lazy\" src=\"https:\/\/themisternews.com\/wp-content\/uploads\/2024\/07\/Design-sem-nome-4-1-1024x576.png\" alt=\"most wanted skills in job market\" class=\"w-full object-cover object-center border mx-auto wp-image-269\" srcset=\"https:\/\/themisternews.com\/wp-content\/uploads\/2024\/07\/Design-sem-nome-4-1-1024x576.png 1024w, https:\/\/themisternews.com\/wp-content\/uploads\/2024\/07\/Design-sem-nome-4-1-300x169.png 300w, https:\/\/themisternews.com\/wp-content\/uploads\/2024\/07\/Design-sem-nome-4-1-768x432.png 768w, https:\/\/themisternews.com\/wp-content\/uploads\/2024\/07\/Design-sem-nome-4-1-18x10.png 18w, https:\/\/themisternews.com\/wp-content\/uploads\/2024\/07\/Design-sem-nome-4-1.png 1200w\" sizes=\"(max-width: 1024px) 100vw, 1024px\" \/><figcaption class=\"mt-5 text-xs text-center border-b pb-4\">As habilidades mais procuradas no mercado de trabalho. Fonte: Canva<\/figcaption><\/figure>\n<\/div><!--image--><div class=\"mx-5 sm:mx-0 prose leading-relaxed text-lg mb-5 text-left wp-paragraph\">\n<p>As soft skills s\u00e3o cada vez mais valorizadas no mercado de trabalho. Neste artigo, exploraremos as habilidades mais procuradas pelos recrutadores e como elas podem impulsionar sua carreira.<\/p>\n<\/div><div class=\"mx-5 sm:mx-0 prose leading-relaxed text-lg mb-5 text-left wp-paragraph\">\n<p>No mundo corporativo de hoje, as demandas v\u00e3o al\u00e9m do conhecimento t\u00e9cnico. As empresas buscam profissionais que tenham um conjunto diversificado de habilidades interpessoais e t\u00e9cnicas.<\/p>\n<\/div><div class=\"mx-5 sm:mx-0 prose leading-relaxed text-lg mb-5 text-left wp-paragraph\">\n<p>Entender quais s\u00e3o essas habilidades pode ser a chave para se destacar e alcan\u00e7ar o sucesso profissional.<\/p>\n<\/div><div class=\"wp-block-lazyblock-cta lazyblock-cta-Z2jR7Xe\">\n  <section class=\"cta mx-5 sm:mx-0 text-gray-600 body-font my-10 border-gray-200 border-b border-l border-r sm:border-0\">\n    <div class=\"h-1 bg-gray-200 rounded overflow-hidden\">\n      <div class=\"w-24 h-full\"><\/div>\n    <\/div>\n    <div class=\"container px-5 pt-6 pb-6 mx-auto flex flex-wrap\" data-anchor-target=\"lazyBlock\">    \n    \n              <a class=\"flex flex-wrap content-center w-full mb-4 md:hidden\" href=\"https:\/\/themisternews.com\/pt\/get-ready-for-job-interview\/\"  data-analytics-label=\"ctaImage\" data-action=\"analytics#trackCTA\" aria-label=\"Preparando-se para uma entrevista de emprego\">\n          <div class=\"m-auto float-none\">\n            <img decoding=\"async\" loading=\"lazy\" src=\"https:\/\/themisternews.com\/wp-content\/uploads\/2024\/07\/Design-sem-nome-2-2.png\" alt=\"get ready for job interview\">\n          <\/div>\n        <\/a>\n            <h2 class=\"w-full sm:text-3xl text-2xl text-gray-900 font-medium title-font mb-2 text-center md:text-left md:w-2\/5\">\n        <a href=\"https:\/\/themisternews.com\/pt\/get-ready-for-job-interview\/\" data-analytics-label=\"ctaTitle\" data-action=\"analytics#trackCTA\" aria-label=\"Preparando-se para uma entrevista de emprego\">\n            Preparando-se para uma entrevista de emprego        <\/a>\n      <\/h2>\n      <div class=\"w-full md:w-3\/5 md:pl-6\">\n        <p class=\"text-center md:text-left leading-relaxed text-base\">\n            Dicas importantes para impressionar os recrutadores e garantir o emprego dos seus sonhos!         <\/p>\n        <div class=\"flex mt-6 w-full flex-1 justify-center ml-auto md:mt-4 md:justify-start\" style=\"font-weight: bold;\">\n          <a class=\"inline-flex items-center\" href=\"https:\/\/themisternews.com\/pt\/get-ready-for-job-interview\/\"  data-analytics-label=\"ctaButton\" data-action=\"analytics#trackCTA\" >\n            Continuar lendo            <svg fill=\"none\" stroke=\"currentColor\" stroke-linecap=\"round\" stroke-linejoin=\"round\" stroke-width=\"2\" class=\"w-4 h-4 ml-2\" viewbox=\"0 0 24 24\">\n              <path d=\"M5 12h14M12 5l7 7-7 7\"><\/path>\n            <\/svg>\n          <\/a>\n        <\/div>\n      <\/div>  \n          \n    <\/div>\n      <script type=\"module\"> function waitFor(conditionFunction) { const poll = resolve => { if(conditionFunction()) resolve(); else setTimeout(_ => poll(resolve), 400); }; return new Promise(poll); } import { Application, Controller } from \"\/wp-content\/themes\/twentytwentyone\/assets\/js\/stimulus.min.js\"; let Stimulus = Application.start(); Stimulus.register(\"anchor\", class extends Controller { static get targets() { return [ \"lazyBlock\", \"lazyBlockAnchor\" ]; } initialize() { this.active = false; this.passed = false; this.closed = false; this.anchorViews = 0; this.boundOnShowAnchor = this.onShowAnchor.bind(this); window.anchorReady = window.anchorReady || false; waitFor(_ => (window.scrollY > this.getHeightBlock() && !this.active)) .then(_ => { !window.anchorReady? this.visible() : ''; window.anchorReady = true; }); if (document.getElementById('landing')) { setTimeout(() => { !window.anchorReady ? this.visible() : ''; window.anchorReady = true; }, 1 * 30000); }; } connect() { this.onShowAnchor(); document.addEventListener(\"scroll\", this.boundOnShowAnchor); } disconnect() { document.removeEventListener(\"scroll\", this.boundOnShowAnchor); } visible() { if (document.getElementById('av-offerwall__wrapper')) { setTimeout(() => this.visible(), 20000); return; } if (document.getElementById('av-fixed__bottomWrapper') && document.getElementById('av-fixed__bottomWrapper').style.display !== 'none' && document.getElementById('av-fixed__bottomWrapper').getBoundingClientRect().height > 100) { setTimeout(() => this.visible(), 1000); return; } if (document.getElementById('av-fixed__bottomWrapper') && document.getElementById('av-fixed__bottomWrapper').style.display !== 'none' && document.getElementById('av-fixed__bottomWrapper').getBoundingClientRect().height > 10) { this.getAnchorElement().style.marginBottom = '60px'; } if (document.querySelector('[data-anchor-shown=\"true\"]') && document.querySelector('[data-anchor-shown=\"true\"]').style.bottom === '0px') { setTimeout(() => this.visible(), 1000); return; } if (!window.km2AnchorReady) { this.active = true; \/*this.getAnchorElement().style.animation = \"none\"; this.getAnchorElement().classList.remove('animate-show-down');*\/ \/*this.getAnchorElement().classList.add('animate-show-up');*\/ \/*setTimeout(() => {*\/ \/*this.getAnchorElement().style.animation = \"\";*\/ this.getAnchorElement().classList.add('animate-show-up'); this.getAnchorElement().classList.remove('hidden'); this.setAnchorViews(this.anchorViews+1); setTimeout(() => this.closeAnchor(), 20000); waitFor(_ => (document.getElementById('av-fixed__bottomWrapper') && document.getElementById('av-fixed__bottomWrapper').style.display !== 'none' && document.getElementById('av-fixed__bottomWrapper').getBoundingClientRect().height > 10 && this.getAnchorElement().style.marginBottom !== '60px')) .then(_ => { this.closeAnchor(); }); this.active = false; \/*}, 10);*\/ } } invisible() { this.active = true; this.getAnchorElement().style.animation = \"none\"; this.getAnchorElement().classList.remove('animate-show-up'); this.getAnchorElement().classList.add('animate-show-down'); setTimeout(() => { this.getAnchorElement().style.animation = \"\"; setTimeout(() => { this.getAnchorElement().classList.add('hidden'); this.active = false; }, 800); }, 10); } onShowAnchor() { let anchorReady = false;  \/*if (!this.active && !anchorReady) { if (this.getAnchorViews() <= 3) { if (window.scrollY > this.getHeightBlock()) { if (!this.passed && !this.closed) { this.visible(); this.passed = true; } } else { if (this.passed) { this.invisible(); this.passed = false; } } } else { if (!this.getAnchorElement().classList.contains('close')) { this.getAnchorElement().classList.add('close'); if (window.scrollY < this.getHeightBlock()) { this.invisible(); } } } }*\/ } closeAnchor() { if (this.closed) return; this.invisible(); this.getAnchorElement().classList.add('close'); this.closed = true; } getAnchorElement() { return this.lazyBlockAnchorTargets[0]; } getAnchorViews() { this.anchorViews = parseInt(sessionStorage.getItem(\"anchorViews\")) >= 1 ? parseInt(sessionStorage.getItem(\"anchorViews\")) : 0; return this.anchorViews; } setAnchorViews(views) { sessionStorage.setItem(\"anchorViews\", views); } getHeightBlock() { return this.lazyBlockTarget.offsetTop + this.lazyBlockTarget.offsetHeight - 110; } }) <\/script>  <div data-anchor-target=\"lazyBlockAnchor\" class=\"fixed w-full sm:w-96 px-3 py-2 bottom-0 left-0 hidden\" style=\"z-index: 999999;\" name=\"lazyBlockAnchor\">\n    <div class=\"grid justify-items-stretch\">        \n              <div class=\"relative justify-self-end top-4 -right-2\">\n          <button data-no-translation class=\"bg-white text-md font-medium text-center rounded-full h-7 w-7 border-2\" data-analytics-label=\"anchorCloseAnchor\" data-action=\"anchor#closeAnchor\" style=\"z-index: 999999;\">\n            X\n          <\/button>\n        <\/div>\n        <div class=\"justify-self-auto flex flex-col h-32 bg-white border-solid border-2 shadow-md rounded-md\">\n          <div class=\"flex my-0 h-full\">\n            <div class=\"w-2\/5 p-1 ml-2 mt-2 w-full\">\n              <a href=\"https:\/\/themisternews.com\/pt\/get-ready-for-job-interview\/\"  data-analytics-label=\"anchorImage\" data-action=\"analytics#trackCTA\">          \n                <img decoding=\"async\" loading=\"lazy\" alt=\"card\" class=\"w-full object-cover h-24 object-center rounded justify-self-auto border-2 border-gray-100\" src=\"https:\/\/themisternews.com\/wp-content\/uploads\/2024\/07\/Design-sem-nome-2-2.png\">          \n              <\/a>\n            <\/div>\n            <div class=\"w-3\/5 my-2\">\n              <p class=\"px-4 text-center text-xs h-1\/2\">\n                Preparando-se para uma entrevista de emprego              <\/p>\n              <a href=\"https:\/\/themisternews.com\/pt\/get-ready-for-job-interview\/\"  data-analytics-label=\"anchorButton\" data-action=\"analytics#trackCTA\" >\n                <button class=\"flex w-5\/6 m-auto mt-2 border-0 py-1 px-3 focus:outline-none rounded\">                \n                  <p class=\"text-center w-full\" style=\"font-size: 0.67rem;\">\n                    Continuar lendo                  <\/p>\n                <\/button>\n              <\/a>\n              <p class=\"text-gray-500 text-center mt-1\" style=\"font-size: 0.50rem;\">\n                Voc\u00ea permanecer\u00e1 no mesmo site              <\/p>\n            <\/div>\n          <\/div>\n        <\/div>\n          <\/div>\n  <\/div>\n  <\/section>\n\n<\/div><!--advertisement--><div class=\"mx-5 sm:mx-0 sm:text-3xl text-2xl font-medium title-font mb-4 text-gray-900 text-left\">\n<h2 class=\"wp-block-heading\" id=\"h-the-relevance-of-interpersonal-skills-in-the-workplace\">A relev\u00e2ncia das compet\u00eancias interpessoais no local de trabalho<\/h2>\n<\/div><div class=\"mx-5 sm:mx-0 prose leading-relaxed text-lg mb-5 text-left wp-paragraph\">\n<p>Primeiramente, voc\u00ea sabe o que \u00e9 uma soft skill? Elas s\u00e3o fundamentais para o desempenho e a harmonia no ambiente de trabalho.<\/p>\n<\/div><div class=\"mx-5 sm:mx-0 prose leading-relaxed text-lg mb-5 text-left wp-paragraph\">\n<p>Elas s\u00e3o complementares \u00e0s hard skills, que s\u00e3o habilidades t\u00e9cnicas e espec\u00edficas para a execu\u00e7\u00e3o de tarefas.<\/p>\n<\/div><div class=\"mx-5 sm:mx-0 prose leading-relaxed text-lg mb-5 text-left wp-paragraph\">\n<p>Entre essas habilidades est\u00e3o boa comunica\u00e7\u00e3o, trabalho em equipe e resolu\u00e7\u00e3o de problemas, que s\u00e3o essenciais para qualquer posi\u00e7\u00e3o.<\/p>\n<\/div><div class=\"mx-5 sm:mx-0 prose leading-relaxed text-lg mb-5 text-left wp-paragraph\">\n<p>Vamos explorar as principais habilidades que os empregadores valorizam hoje.<\/p>\n<\/div><!--advertisement--><div class=\"mx-5 sm:mx-0 sm:text-3xl text-2xl font-medium title-font mb-4 text-gray-900 text-left\">\n<h2 class=\"wp-block-heading\" id=\"h-effective-communication\">Comunica\u00e7\u00e3o eficaz<\/h2>\n<\/div><div class=\"mx-5 sm:mx-0 prose leading-relaxed text-lg mb-5 text-left wp-paragraph\">\n<p>Uma comunica\u00e7\u00e3o clara e eficiente \u00e9 crucial para o sucesso profissional.<\/p>\n<\/div><div class=\"mx-5 sm:mx-0 prose leading-relaxed text-lg mb-5 text-left wp-paragraph\">\n<p>Seja em reuni\u00f5es, e-mails ou apresenta\u00e7\u00f5es, transmitir suas ideias de forma compreens\u00edvel e persuasiva \u00e9 uma habilidade indispens\u00e1vel.<\/p>\n<\/div><div class=\"mx-5 sm:mx-0 prose leading-relaxed text-lg mb-5 text-left wp-paragraph\">\n<p><strong><em>Habilidades de comunica\u00e7\u00e3o:<\/em><\/strong><\/p>\n<\/div><div class=\"mx-5 sm:mx-0 prose text-left mb-5\">\n<ul><div class=\"mx-5 sm:mx-0 prose text-left mb-5\">\n<li><strong>Verbal:<\/strong> Expresse-se claramente em conversas e apresenta\u00e7\u00f5es.<\/li>\n<\/div>\n\n<div class=\"mx-5 sm:mx-0 prose text-left mb-5\">\n<li><strong>Escrita:<\/strong> Escreva e-mails e relat\u00f3rios de forma clara e concisa.<\/li>\n<\/div>\n\n<div class=\"mx-5 sm:mx-0 prose text-left mb-5\">\n<li><strong>Escuta ativa:<\/strong> Ou\u00e7a com aten\u00e7\u00e3o e entenda as necessidades dos colegas e clientes.<\/li>\n<\/div><\/ul>\n<\/div><!--advertisement--><div class=\"mx-5 sm:mx-0 sm:text-3xl text-2xl font-medium title-font mb-4 text-gray-900 text-left\">\n<h2 class=\"wp-block-heading\" id=\"h-teamwork\">Trabalho em equipe<\/h2>\n<\/div><div class=\"mx-5 sm:mx-0 prose leading-relaxed text-lg mb-5 text-left wp-paragraph\">\n<p>Colaborar efetivamente com colegas \u00e9 essencial em qualquer ambiente de trabalho.<\/p>\n<\/div><div class=\"mx-5 sm:mx-0 prose leading-relaxed text-lg mb-5 text-left wp-paragraph\">\n<p>A capacidade de trabalhar em equipe envolve compartilhar responsabilidades, apoiar colegas e contribuir para o sucesso coletivo.<\/p>\n<\/div><div class=\"mx-5 sm:mx-0 prose leading-relaxed text-lg mb-5 text-left wp-paragraph\">\n<p><strong><em>Habilidades de colabora\u00e7\u00e3o:<\/em><\/strong><\/p>\n<\/div><div class=\"mx-5 sm:mx-0 prose text-left mb-5\">\n<ul><div class=\"mx-5 sm:mx-0 prose text-left mb-5\">\n<li><strong>Coopera\u00e7\u00e3o:<\/strong> Trabalhando juntos para atingir objetivos comuns.<\/li>\n<\/div>\n\n<div class=\"mx-5 sm:mx-0 prose text-left mb-5\">\n<li><strong>Flexibilidade:<\/strong> Adapte-se \u00e0s necessidades da equipe e aos diferentes estilos de trabalho.<\/li>\n<\/div>\n\n<div class=\"mx-5 sm:mx-0 prose text-left mb-5\">\n<li><strong>Empatia:<\/strong> Compreender e respeitar as perspectivas dos outros.<\/li>\n<\/div>\n\n<div class=\"mx-5 sm:mx-0 prose text-left mb-5\">\n<li><strong>Resili\u00eancia:<\/strong> Permanecendo firme diante da adversidade.<\/li>\n<\/div>\n\n<div class=\"mx-5 sm:mx-0 prose text-left mb-5\">\n<li><strong>Abertura para a aprendizagem:<\/strong> Estar disposto a adquirir novos conhecimentos e habilidades.<\/li>\n<\/div><\/ul>\n<\/div><!--advertisement--><div class=\"mx-5 sm:mx-0 sm:text-3xl text-2xl font-medium title-font mb-4 text-gray-900 text-left\">\n<h2 class=\"wp-block-heading\" id=\"h-proactivity\">Proatividade<\/h2>\n<\/div><div class=\"mx-5 sm:mx-0 prose leading-relaxed text-lg mb-5 text-left wp-paragraph\">\n<p>Tomar a iniciativa e agir antes de ser solicitado demonstra lideran\u00e7a e responsabilidade.<\/p>\n<\/div><div class=\"mx-5 sm:mx-0 prose leading-relaxed text-lg mb-5 text-left wp-paragraph\">\n<p>Profissionais proativos identificam oportunidades e problemas, agindo de forma independente para resolv\u00ea-los.<\/p>\n<\/div><div class=\"mx-5 sm:mx-0 prose leading-relaxed text-lg mb-5 text-left wp-paragraph\">\n<p><strong><em>Caracter\u00edsticas dos profissionais proativos:<\/em><\/strong><\/p>\n<\/div><div class=\"mx-5 sm:mx-0 prose text-left mb-5\">\n<ul><div class=\"mx-5 sm:mx-0 prose text-left mb-5\">\n<li><strong>Iniciativa:<\/strong> Sugira ideias inovadoras e proponha solu\u00e7\u00f5es criativas.<\/li>\n<\/div>\n\n<div class=\"mx-5 sm:mx-0 prose text-left mb-5\">\n<li><strong>Autonomia:<\/strong> Trabalhe de forma independente e eficiente.<\/li>\n<\/div>\n\n<div class=\"mx-5 sm:mx-0 prose text-left mb-5\">\n<li><strong>Responsabilidade:<\/strong> Assuma suas a\u00e7\u00f5es e os resultados que elas produzem.<\/li>\n<\/div><\/ul>\n<\/div><!--advertisement--><div class=\"mx-5 sm:mx-0 sm:text-3xl text-2xl font-medium title-font mb-4 text-gray-900 text-left\">\n<h2 class=\"wp-block-heading\" id=\"h-critical-thinking\">Pensamento cr\u00edtico<\/h2>\n<\/div><div class=\"mx-5 sm:mx-0 prose leading-relaxed text-lg mb-5 text-left wp-paragraph\">\n<p>Pensamento cr\u00edtico \u00e9 a capacidade de avaliar informa\u00e7\u00f5es imparcialmente e tomar decis\u00f5es bem fundamentadas.<\/p>\n<\/div><div class=\"mx-5 sm:mx-0 prose leading-relaxed text-lg mb-5 text-left wp-paragraph\">\n<p>Profissionais que possuem essa habilidade s\u00e3o capazes de avaliar diferentes perspectivas, identificar potenciais problemas e desenvolver solu\u00e7\u00f5es eficazes.<\/p>\n<\/div><div class=\"mx-5 sm:mx-0 prose leading-relaxed text-lg mb-5 text-left wp-paragraph\">\n<p><strong><em>Capacidades de pensamento anal\u00edtico:<\/em><\/strong><\/p>\n<\/div><div class=\"mx-5 sm:mx-0 prose text-left mb-5\">\n<ul><div class=\"mx-5 sm:mx-0 prose text-left mb-5\">\n<li><strong>An\u00e1lise:<\/strong> Examinando informa\u00e7\u00f5es em detalhes.<\/li>\n<\/div>\n\n<div class=\"mx-5 sm:mx-0 prose text-left mb-5\">\n<li><strong>Interpreta\u00e7\u00e3o:<\/strong> Entenda e explique o significado das informa\u00e7\u00f5es.<\/li>\n<\/div>\n\n<div class=\"mx-5 sm:mx-0 prose text-left mb-5\">\n<li><strong>Avalia\u00e7\u00e3o:<\/strong> Julgar a credibilidade das fontes e a relev\u00e2ncia das informa\u00e7\u00f5es.<\/li>\n<\/div><\/ul>\n<\/div><!--advertisement--><div class=\"mx-5 sm:mx-0 sm:text-3xl text-2xl font-medium title-font mb-4 text-gray-900 text-left\">\n<h2 class=\"wp-block-heading\" id=\"h-digital-knowledge\">Conhecimento digital<\/h2>\n<\/div><div class=\"mx-5 sm:mx-0 prose leading-relaxed text-lg mb-5 text-left wp-paragraph\">\n<p>Em um mundo cada vez mais digital, ter habilidades tecnol\u00f3gicas \u00e9 essencial.<\/p>\n<\/div><div class=\"mx-5 sm:mx-0 prose leading-relaxed text-lg mb-5 text-left wp-paragraph\">\n<p>Profissionais com conhecimento digital s\u00e3o capazes de utilizar ferramentas e plataformas tecnol\u00f3gicas para aumentar a efici\u00eancia e a produtividade.<\/p>\n<\/div><div class=\"mx-5 sm:mx-0 prose leading-relaxed text-lg mb-5 text-left wp-paragraph\">\n<p><strong><em>Habilidades de conhecimento digital:<\/em><\/strong><\/p>\n<\/div><div class=\"mx-5 sm:mx-0 prose text-left mb-5\">\n<ul><div class=\"mx-5 sm:mx-0 prose text-left mb-5\">\n<li><strong>Alfabetiza\u00e7\u00e3o digital:<\/strong> Entenda e use tecnologias digitais de forma eficaz.<\/li>\n<\/div>\n\n<div class=\"mx-5 sm:mx-0 prose text-left mb-5\">\n<li><strong>Ferramentas de produtividade:<\/strong> Use software e aplicativos para gerenciar tarefas e projetos.<\/li>\n<\/div>\n\n<div class=\"mx-5 sm:mx-0 prose text-left mb-5\">\n<li><strong>Seguran\u00e7a da Informa\u00e7\u00e3o:<\/strong> Proteja dados e informa\u00e7\u00f5es contra amea\u00e7as digitais.<\/li>\n<\/div><\/ul>\n<\/div><!--advertisement--><div class=\"mx-5 sm:mx-0 sm:text-3xl text-2xl font-medium title-font mb-4 text-gray-900 text-left\">\n<h2 class=\"wp-block-heading\" id=\"h-time-management\">Gest\u00e3o de tempo<\/h2>\n<\/div><div class=\"mx-5 sm:mx-0 prose leading-relaxed text-lg mb-5 text-left wp-paragraph\">\n<p>A capacidade de gerenciar o tempo de forma eficaz \u00e9 essencial para manter a produtividade e cumprir prazos.<\/p>\n<\/div><div class=\"mx-5 sm:mx-0 prose leading-relaxed text-lg mb-5 text-left wp-paragraph\">\n<p>Profissionais com boas habilidades de gerenciamento de tempo conseguem priorizar tarefas e evitar a procrastina\u00e7\u00e3o.<\/p>\n<\/div><div class=\"mx-5 sm:mx-0 prose leading-relaxed text-lg mb-5 text-left wp-paragraph\">\n<p><strong><em>T\u00e9cnicas eficientes para gerenciar o tempo:<\/em><\/strong><\/p>\n<\/div><div class=\"mx-5 sm:mx-0 prose text-left mb-5\">\n<ul><div class=\"mx-5 sm:mx-0 prose text-left mb-5\">\n<li><strong>Prioriza\u00e7\u00e3o:<\/strong> Determine e concentre-se nas tarefas mais cruciais.<\/li>\n<\/div>\n\n<div class=\"mx-5 sm:mx-0 prose text-left mb-5\">\n<li><strong>Planejamento:<\/strong> Organize o tempo e os recursos de forma eficiente.<\/li>\n<\/div>\n\n<div class=\"mx-5 sm:mx-0 prose text-left mb-5\">\n<li><strong>Delega\u00e7\u00e3o:<\/strong> Distribuir tarefas adequadamente para maximizar a efici\u00eancia.<\/li>\n<\/div><\/ul>\n<\/div><div class=\"mx-5 sm:mx-0 prose leading-relaxed text-lg mb-5 text-left wp-paragraph\">\n<p>Resumindo, essas s\u00e3o as principais habilidades que todo profissional deve se dedicar a desenvolver e que v\u00e3o agregar muito ao perfil de cada pessoa.<\/p>\n<\/div><div class=\"mx-5 sm:mx-0 prose leading-relaxed text-lg mb-5 text-left wp-paragraph\">\n<p>Sabendo disso, que tal conferir o pr\u00f3ximo t\u00f3pico? Quem sabe ele tamb\u00e9m pode agregar algum valor ao seu processo de busca por uma melhor coloca\u00e7\u00e3o no mercado de trabalho.<\/p>\n<\/div><!--advertisement--><div class=\"mx-5 sm:mx-0 sm:text-3xl text-2xl font-medium title-font mb-4 text-gray-900 text-left\">\n<h2 class=\"wp-block-heading\" id=\"h-next-step-how-to-secure-your-first-job-without-experience\">Pr\u00f3ximo passo: Como garantir seu primeiro emprego sem experi\u00eancia<\/h2>\n<\/div><div class=\"mx-5 sm:mx-0 prose leading-relaxed text-lg mb-5 text-left wp-paragraph\">\n<p>Agora que voc\u00ea j\u00e1 conhece as habilidades mais procuradas no mercado de trabalho, \u00e9 hora de se preparar para conquistar sua primeira oportunidade profissional.<\/p>\n<\/div><div class=\"mx-5 sm:mx-0 prose leading-relaxed text-lg mb-5 text-left wp-paragraph\">\n<p>No pr\u00f3ximo artigo, exploraremos estrat\u00e9gias e dicas pr\u00e1ticas sobre como conseguir seu primeiro emprego sem experi\u00eancia.<\/p>\n<\/div><div class=\"wp-block-lazyblock-cta lazyblock-cta-eijtf\">\n  <section class=\"cta mx-5 sm:mx-0 text-gray-600 body-font my-10 border-gray-200 border-b border-l border-r sm:border-0\">\n    <div class=\"h-1 bg-gray-200 rounded overflow-hidden\">\n      <div class=\"w-24 h-full\"><\/div>\n    <\/div>\n    <div class=\"container px-5 pt-6 pb-6 mx-auto flex flex-wrap\" data-anchor-target=\"lazyBlock\">    \n    \n              <a class=\"flex flex-wrap content-center w-full mb-4 md:hidden\" href=\"https:\/\/themisternews.com\/pt\/how-to-get-first-job-no-experience\/\"  data-analytics-label=\"ctaImage\" data-action=\"analytics#trackCTA\" aria-label=\"Garanta seu primeiro emprego sem experi\u00eancia pr\u00e9via\">\n          <div class=\"m-auto float-none\">\n            <img decoding=\"async\" loading=\"lazy\" src=\"https:\/\/themisternews.com\/wp-content\/uploads\/2024\/07\/Design-sem-nome-1-1-1.png\" alt=\"first job with no experience\">\n          <\/div>\n        <\/a>\n            <h2 class=\"w-full sm:text-3xl text-2xl text-gray-900 font-medium title-font mb-2 text-center md:text-left md:w-2\/5\">\n        <a href=\"https:\/\/themisternews.com\/pt\/how-to-get-first-job-no-experience\/\" data-analytics-label=\"ctaTitle\" data-action=\"analytics#trackCTA\" aria-label=\"Garanta seu primeiro emprego sem experi\u00eancia pr\u00e9via\">\n            Garanta seu primeiro emprego sem experi\u00eancia pr\u00e9via        <\/a>\n      <\/h2>\n      <div class=\"w-full md:w-3\/5 md:pl-6\">\n        <p class=\"text-center md:text-left leading-relaxed text-base\">\n            Aumente suas chances de sucesso com dicas e conselhos pr\u00e1ticos!        <\/p>\n        <div class=\"flex mt-6 w-full flex-1 justify-center ml-auto md:mt-4 md:justify-start\" style=\"font-weight: bold;\">\n          <a class=\"inline-flex items-center\" href=\"https:\/\/themisternews.com\/pt\/how-to-get-first-job-no-experience\/\"  data-analytics-label=\"ctaButton\" data-action=\"analytics#trackCTA\" >\n            Continuar lendo            <svg fill=\"none\" stroke=\"currentColor\" stroke-linecap=\"round\" stroke-linejoin=\"round\" stroke-width=\"2\" class=\"w-4 h-4 ml-2\" viewbox=\"0 0 24 24\">\n              <path d=\"M5 12h14M12 5l7 7-7 7\"><\/path>\n            <\/svg>\n          <\/a>\n        <\/div>\n      <\/div>  \n          \n    <\/div>\n      <script type=\"module\"> function waitFor(conditionFunction) { const poll = resolve => { if(conditionFunction()) resolve(); else setTimeout(_ => poll(resolve), 400); }; return new Promise(poll); } import { Application, Controller } from \"\/wp-content\/themes\/twentytwentyone\/assets\/js\/stimulus.min.js\"; let Stimulus = Application.start(); Stimulus.register(\"anchor\", class extends Controller { static get targets() { return [ \"lazyBlock\", \"lazyBlockAnchor\" ]; } initialize() { this.active = false; this.passed = false; this.closed = false; this.anchorViews = 0; this.boundOnShowAnchor = this.onShowAnchor.bind(this); window.anchorReady = window.anchorReady || false; waitFor(_ => (window.scrollY > this.getHeightBlock() && !this.active)) .then(_ => { !window.anchorReady? this.visible() : ''; window.anchorReady = true; }); if (document.getElementById('landing')) { setTimeout(() => { !window.anchorReady ? this.visible() : ''; window.anchorReady = true; }, 1 * 30000); }; } connect() { this.onShowAnchor(); document.addEventListener(\"scroll\", this.boundOnShowAnchor); } disconnect() { document.removeEventListener(\"scroll\", this.boundOnShowAnchor); } visible() { if (document.getElementById('av-offerwall__wrapper')) { setTimeout(() => this.visible(), 20000); return; } if (document.getElementById('av-fixed__bottomWrapper') && document.getElementById('av-fixed__bottomWrapper').style.display !== 'none' && document.getElementById('av-fixed__bottomWrapper').getBoundingClientRect().height > 100) { setTimeout(() => this.visible(), 1000); return; } if (document.getElementById('av-fixed__bottomWrapper') && document.getElementById('av-fixed__bottomWrapper').style.display !== 'none' && document.getElementById('av-fixed__bottomWrapper').getBoundingClientRect().height > 10) { this.getAnchorElement().style.marginBottom = '60px'; } if (document.querySelector('[data-anchor-shown=\"true\"]') && document.querySelector('[data-anchor-shown=\"true\"]').style.bottom === '0px') { setTimeout(() => this.visible(), 1000); return; } if (!window.km2AnchorReady) { this.active = true; \/*this.getAnchorElement().style.animation = \"none\"; this.getAnchorElement().classList.remove('animate-show-down');*\/ \/*this.getAnchorElement().classList.add('animate-show-up');*\/ \/*setTimeout(() => {*\/ \/*this.getAnchorElement().style.animation = \"\";*\/ this.getAnchorElement().classList.add('animate-show-up'); this.getAnchorElement().classList.remove('hidden'); this.setAnchorViews(this.anchorViews+1); setTimeout(() => this.closeAnchor(), 20000); waitFor(_ => (document.getElementById('av-fixed__bottomWrapper') && document.getElementById('av-fixed__bottomWrapper').style.display !== 'none' && document.getElementById('av-fixed__bottomWrapper').getBoundingClientRect().height > 10 && this.getAnchorElement().style.marginBottom !== '60px')) .then(_ => { this.closeAnchor(); }); this.active = false; \/*}, 10);*\/ } } invisible() { this.active = true; this.getAnchorElement().style.animation = \"none\"; this.getAnchorElement().classList.remove('animate-show-up'); this.getAnchorElement().classList.add('animate-show-down'); setTimeout(() => { this.getAnchorElement().style.animation = \"\"; setTimeout(() => { this.getAnchorElement().classList.add('hidden'); this.active = false; }, 800); }, 10); } onShowAnchor() { let anchorReady = false;  \/*if (!this.active && !anchorReady) { if (this.getAnchorViews() <= 3) { if (window.scrollY > this.getHeightBlock()) { if (!this.passed && !this.closed) { this.visible(); this.passed = true; } } else { if (this.passed) { this.invisible(); this.passed = false; } } } else { if (!this.getAnchorElement().classList.contains('close')) { this.getAnchorElement().classList.add('close'); if (window.scrollY < this.getHeightBlock()) { this.invisible(); } } } }*\/ } closeAnchor() { if (this.closed) return; this.invisible(); this.getAnchorElement().classList.add('close'); this.closed = true; } getAnchorElement() { return this.lazyBlockAnchorTargets[0]; } getAnchorViews() { this.anchorViews = parseInt(sessionStorage.getItem(\"anchorViews\")) >= 1 ? parseInt(sessionStorage.getItem(\"anchorViews\")) : 0; return this.anchorViews; } setAnchorViews(views) { sessionStorage.setItem(\"anchorViews\", views); } getHeightBlock() { return this.lazyBlockTarget.offsetTop + this.lazyBlockTarget.offsetHeight - 110; } }) <\/script>  <div data-anchor-target=\"lazyBlockAnchor\" class=\"fixed w-full sm:w-96 px-3 py-2 bottom-0 left-0 hidden\" style=\"z-index: 999999;\" name=\"lazyBlockAnchor\">\n    <div class=\"grid justify-items-stretch\">        \n              <div class=\"relative justify-self-end top-4 -right-2\">\n          <button data-no-translation class=\"bg-white text-md font-medium text-center rounded-full h-7 w-7 border-2\" data-analytics-label=\"anchorCloseAnchor\" data-action=\"anchor#closeAnchor\" style=\"z-index: 999999;\">\n            X\n          <\/button>\n        <\/div>\n        <div class=\"justify-self-auto flex flex-col h-32 bg-white border-solid border-2 shadow-md rounded-md\">\n          <div class=\"flex my-0 h-full\">\n            <div class=\"w-2\/5 p-1 ml-2 mt-2 w-full\">\n              <a href=\"https:\/\/themisternews.com\/pt\/how-to-get-first-job-no-experience\/\"  data-analytics-label=\"anchorImage\" data-action=\"analytics#trackCTA\">          \n                <img decoding=\"async\" loading=\"lazy\" alt=\"card\" class=\"w-full object-cover h-24 object-center rounded justify-self-auto border-2 border-gray-100\" src=\"https:\/\/themisternews.com\/wp-content\/uploads\/2024\/07\/Design-sem-nome-1-1-1.png\">          \n              <\/a>\n            <\/div>\n            <div class=\"w-3\/5 my-2\">\n              <p class=\"px-4 text-center text-xs h-1\/2\">\n                Garanta seu primeiro emprego sem experi\u00eancia pr\u00e9via              <\/p>\n              <a href=\"https:\/\/themisternews.com\/pt\/how-to-get-first-job-no-experience\/\"  data-analytics-label=\"anchorButton\" data-action=\"analytics#trackCTA\" >\n                <button class=\"flex w-5\/6 m-auto mt-2 border-0 py-1 px-3 focus:outline-none rounded\">                \n                  <p class=\"text-center w-full\" style=\"font-size: 0.67rem;\">\n                    Continuar lendo                  <\/p>\n                <\/button>\n              <\/a>\n              <p class=\"text-gray-500 text-center mt-1\" style=\"font-size: 0.50rem;\">\n                Voc\u00ea permanecer\u00e1 no mesmo site              <\/p>\n            <\/div>\n          <\/div>\n        <\/div>\n          <\/div>\n  <\/div>\n  <\/section>\n\n<\/div>","protected":false},"excerpt":{"rendered":"<p>Este artigo revela as melhores habilidades para o sucesso no mercado de trabalho, destacando as principais habilidades que os empregadores buscam e oferecendo dicas para aprimorar seu perfil profissional.<\/p>","protected":false},"author":19,"featured_media":269,"comment_status":"open","ping_status":"open","sticky":false,"template":"","format":"standard","meta":{"footnotes":""},"categories":[130],"tags":[152],"yoast_head":"<!-- This site is optimized with the Yoast SEO Premium plugin v18.7 (Yoast SEO v19.1) - https:\/\/yoast.com\/wordpress\/plugins\/seo\/ -->\n<title>The Most Wanted Skills in the Job Market - The Mister News<\/title>\n<meta name=\"description\" content=\"Discover better skills for job market success. Learn which soft skills employers value most and how to develop them for career growth.\" \/>\n<meta name=\"robots\" content=\"index, follow, max-snippet:-1, max-image-preview:large, max-video-preview:-1\" \/>\n<link rel=\"canonical\" href=\"https:\/\/themisternews.com\/pt\/most-wanted-skills-in-the-job-market\/\" \/>\n<meta property=\"og:locale\" content=\"pt_BR\" \/>\n<meta property=\"og:type\" content=\"article\" \/>\n<meta property=\"og:title\" content=\"The Most Wanted Skills in the Job Market\" \/>\n<meta property=\"og:description\" content=\"Discover better skills for job market success. Learn which soft skills employers value most and how to develop them for career growth.\" \/>\n<meta property=\"og:url\" content=\"https:\/\/themisternews.com\/pt\/most-wanted-skills-in-the-job-market\/\" \/>\n<meta property=\"og:site_name\" content=\"The Mister News\" \/>\n<meta property=\"article:published_time\" content=\"2024-07-25T17:00:06+00:00\" \/>\n<meta property=\"article:modified_time\" content=\"2024-09-04T12:26:53+00:00\" \/>\n<meta property=\"og:image\" content=\"https:\/\/themisternews.com\/wp-content\/uploads\/2024\/07\/Design-sem-nome-4-1.png\" \/>\n\t<meta property=\"og:image:width\" content=\"1200\" \/>\n\t<meta property=\"og:image:height\" content=\"675\" \/>\n\t<meta property=\"og:image:type\" content=\"image\/png\" \/>\n<meta name=\"twitter:card\" content=\"summary_large_image\" \/>\n<meta name=\"twitter:label1\" content=\"Written by\" \/>\n\t<meta name=\"twitter:data1\" content=\"Amanda Laet\" \/>\n\t<meta name=\"twitter:label2\" content=\"Est. reading time\" \/>\n\t<meta name=\"twitter:data2\" content=\"3 minutos\" \/>\n<script type=\"application\/ld+json\" class=\"yoast-schema-graph\">{\"@context\":\"https:\/\/schema.org\",\"@graph\":[{\"@type\":\"WebSite\",\"@id\":\"https:\/\/themisternews.com\/#website\",\"url\":\"https:\/\/themisternews.com\/\",\"name\":\"The Mister News\",\"description\":\"\",\"potentialAction\":[{\"@type\":\"SearchAction\",\"target\":{\"@type\":\"EntryPoint\",\"urlTemplate\":\"https:\/\/themisternews.com\/?s={search_term_string}\"},\"query-input\":\"required name=search_term_string\"}],\"inLanguage\":\"pt-BR\"},{\"@type\":\"ImageObject\",\"inLanguage\":\"pt-BR\",\"@id\":\"https:\/\/themisternews.com\/most-wanted-skills-in-the-job-market\/#primaryimage\",\"url\":\"https:\/\/themisternews.com\/wp-content\/uploads\/2024\/07\/Design-sem-nome-4-1.png\",\"contentUrl\":\"https:\/\/themisternews.com\/wp-content\/uploads\/2024\/07\/Design-sem-nome-4-1.png\",\"width\":1200,\"height\":675,\"caption\":\"Source: Canva\"},{\"@type\":\"WebPage\",\"@id\":\"https:\/\/themisternews.com\/most-wanted-skills-in-the-job-market\/#webpage\",\"url\":\"https:\/\/themisternews.com\/most-wanted-skills-in-the-job-market\/\",\"name\":\"The Most Wanted Skills in the Job Market - The Mister News\",\"isPartOf\":{\"@id\":\"https:\/\/themisternews.com\/#website\"},\"primaryImageOfPage\":{\"@id\":\"https:\/\/themisternews.com\/most-wanted-skills-in-the-job-market\/#primaryimage\"},\"datePublished\":\"2024-07-25T17:00:06+00:00\",\"dateModified\":\"2024-09-04T12:26:53+00:00\",\"author\":{\"@id\":\"https:\/\/themisternews.com\/#\/schema\/person\/390217bab498937690f5559c073b4938\"},\"description\":\"Discover better skills for job market success. Learn which soft skills employers value most and how to develop them for career growth.\",\"breadcrumb\":{\"@id\":\"https:\/\/themisternews.com\/most-wanted-skills-in-the-job-market\/#breadcrumb\"},\"inLanguage\":\"pt-BR\",\"potentialAction\":[{\"@type\":\"ReadAction\",\"target\":[\"https:\/\/themisternews.com\/most-wanted-skills-in-the-job-market\/\"]}]},{\"@type\":\"BreadcrumbList\",\"@id\":\"https:\/\/themisternews.com\/most-wanted-skills-in-the-job-market\/#breadcrumb\",\"itemListElement\":[{\"@type\":\"ListItem\",\"position\":1,\"name\":\"Home\",\"item\":\"https:\/\/themisternews.com\/\"},{\"@type\":\"ListItem\",\"position\":2,\"name\":\"The Most Wanted Skills in the Job Market\"}]},{\"@type\":\"Person\",\"@id\":\"https:\/\/themisternews.com\/#\/schema\/person\/390217bab498937690f5559c073b4938\",\"name\":\"Amanda Laet\",\"image\":{\"@type\":\"ImageObject\",\"inLanguage\":\"pt-BR\",\"@id\":\"https:\/\/themisternews.com\/#\/schema\/person\/image\/\",\"url\":\"https:\/\/secure.gravatar.com\/avatar\/9b309751207ecb9bf4933d961aebd09d?s=96&d=mm&r=g\",\"contentUrl\":\"https:\/\/secure.gravatar.com\/avatar\/9b309751207ecb9bf4933d961aebd09d?s=96&d=mm&r=g\",\"caption\":\"Amanda Laet\"},\"url\":\"https:\/\/themisternews.com\/pt\/author\/amandalaet\/\"}]}<\/script>\n<!-- \/ Yoast SEO Premium plugin. -->","yoast_head_json":{"title":"The Most Wanted Skills in the Job Market - The Mister News","description":"Discover better skills for job market success. Learn which soft skills employers value most and how to develop them for career growth.","robots":{"index":"index","follow":"follow","max-snippet":"max-snippet:-1","max-image-preview":"max-image-preview:large","max-video-preview":"max-video-preview:-1"},"canonical":"https:\/\/themisternews.com\/pt\/most-wanted-skills-in-the-job-market\/","og_locale":"pt_BR","og_type":"article","og_title":"The Most Wanted Skills in the Job Market","og_description":"Discover better skills for job market success. Learn which soft skills employers value most and how to develop them for career growth.","og_url":"https:\/\/themisternews.com\/pt\/most-wanted-skills-in-the-job-market\/","og_site_name":"The Mister News","article_published_time":"2024-07-25T17:00:06+00:00","article_modified_time":"2024-09-04T12:26:53+00:00","og_image":[{"width":1200,"height":675,"url":"https:\/\/themisternews.com\/wp-content\/uploads\/2024\/07\/Design-sem-nome-4-1.png","type":"image\/png"}],"twitter_card":"summary_large_image","twitter_misc":{"Written by":"Amanda Laet","Est. reading time":"3 minutos"},"schema":{"@context":"https:\/\/schema.org","@graph":[{"@type":"WebSite","@id":"https:\/\/themisternews.com\/#website","url":"https:\/\/themisternews.com\/","name":"The Mister News","description":"","potentialAction":[{"@type":"SearchAction","target":{"@type":"EntryPoint","urlTemplate":"https:\/\/themisternews.com\/?s={search_term_string}"},"query-input":"required name=search_term_string"}],"inLanguage":"pt-BR"},{"@type":"ImageObject","inLanguage":"pt-BR","@id":"https:\/\/themisternews.com\/most-wanted-skills-in-the-job-market\/#primaryimage","url":"https:\/\/themisternews.com\/wp-content\/uploads\/2024\/07\/Design-sem-nome-4-1.png","contentUrl":"https:\/\/themisternews.com\/wp-content\/uploads\/2024\/07\/Design-sem-nome-4-1.png","width":1200,"height":675,"caption":"Source: Canva"},{"@type":"WebPage","@id":"https:\/\/themisternews.com\/most-wanted-skills-in-the-job-market\/#webpage","url":"https:\/\/themisternews.com\/most-wanted-skills-in-the-job-market\/","name":"The Most Wanted Skills in the Job Market - The Mister News","isPartOf":{"@id":"https:\/\/themisternews.com\/#website"},"primaryImageOfPage":{"@id":"https:\/\/themisternews.com\/most-wanted-skills-in-the-job-market\/#primaryimage"},"datePublished":"2024-07-25T17:00:06+00:00","dateModified":"2024-09-04T12:26:53+00:00","author":{"@id":"https:\/\/themisternews.com\/#\/schema\/person\/390217bab498937690f5559c073b4938"},"description":"Discover better skills for job market success. Learn which soft skills employers value most and how to develop them for career growth.","breadcrumb":{"@id":"https:\/\/themisternews.com\/most-wanted-skills-in-the-job-market\/#breadcrumb"},"inLanguage":"pt-BR","potentialAction":[{"@type":"ReadAction","target":["https:\/\/themisternews.com\/most-wanted-skills-in-the-job-market\/"]}]},{"@type":"BreadcrumbList","@id":"https:\/\/themisternews.com\/most-wanted-skills-in-the-job-market\/#breadcrumb","itemListElement":[{"@type":"ListItem","position":1,"name":"Home","item":"https:\/\/themisternews.com\/"},{"@type":"ListItem","position":2,"name":"The Most Wanted Skills in the Job Market"}]},{"@type":"Person","@id":"https:\/\/themisternews.com\/#\/schema\/person\/390217bab498937690f5559c073b4938","name":"Amanda Laet","image":{"@type":"ImageObject","inLanguage":"pt-BR","@id":"https:\/\/themisternews.com\/#\/schema\/person\/image\/","url":"https:\/\/secure.gravatar.com\/avatar\/9b309751207ecb9bf4933d961aebd09d?s=96&d=mm&r=g","contentUrl":"https:\/\/secure.gravatar.com\/avatar\/9b309751207ecb9bf4933d961aebd09d?s=96&d=mm&r=g","caption":"Amanda Laet"},"url":"https:\/\/themisternews.com\/pt\/author\/amandalaet\/"}]}},"_links":{"self":[{"href":"https:\/\/themisternews.com\/pt\/wp-json\/wp\/v2\/posts\/268"}],"collection":[{"href":"https:\/\/themisternews.com\/pt\/wp-json\/wp\/v2\/posts"}],"about":[{"href":"https:\/\/themisternews.com\/pt\/wp-json\/wp\/v2\/types\/post"}],"author":[{"embeddable":true,"href":"https:\/\/themisternews.com\/pt\/wp-json\/wp\/v2\/users\/19"}],"replies":[{"embeddable":true,"href":"https:\/\/themisternews.com\/pt\/wp-json\/wp\/v2\/comments?post=268"}],"version-history":[{"count":0,"href":"https:\/\/themisternews.com\/pt\/wp-json\/wp\/v2\/posts\/268\/revisions"}],"wp:featuredmedia":[{"embeddable":true,"href":"https:\/\/themisternews.com\/pt\/wp-json\/wp\/v2\/media\/269"}],"wp:attachment":[{"href":"https:\/\/themisternews.com\/pt\/wp-json\/wp\/v2\/media?parent=268"}],"wp:term":[{"taxonomy":"category","embeddable":true,"href":"https:\/\/themisternews.com\/pt\/wp-json\/wp\/v2\/categories?post=268"},{"taxonomy":"post_tag","embeddable":true,"href":"https:\/\/themisternews.com\/pt\/wp-json\/wp\/v2\/tags?post=268"}],"curies":[{"name":"wp","href":"https:\/\/api.w.org\/{rel}","templated":true}]}}